{"id":3138,"date":"2023-08-08T11:37:45","date_gmt":"2023-08-08T09:37:45","guid":{"rendered":"https:\/\/www.spzo.cz\/?p=3138"},"modified":"2025-08-07T15:26:51","modified_gmt":"2025-08-07T13:26:51","slug":"zveme-vas-na-polni-kazani-2023","status":"publish","type":"post","link":"https:\/\/www.spzo.cz\/?p=3138","title":{"rendered":"Zveme v\u00e1s na poln\u00ed k\u00e1z\u00e1n\u00ed slune\u010dnice 2023:"},"content":{"rendered":"[et_pb_section admin_label=&#8220;section&#8220;]\n\t\t\t[et_pb_row admin_label=&#8220;row&#8220;]\n\t\t\t\t[et_pb_column type=&#8220;4_4&#8243;][et_pb_text admin_label=&#8220;Text&#8220;]\n<ul class=\"wp-block-list\">\n<li><strong><mark style=\"background-color:rgba(0, 0, 0, 0)\" class=\"has-inline-color has-vivid-green-cyan-color\">3.8. &#8211; Jihomoravsk\u00fd region &#8211; Slup<\/mark><\/strong>, okres Znojmo (Spolupo\u0159adatel: K\u00f3ta-sady, spol. s r.o., Slup-Oleksovi\u010dky)<\/li>\n\n\n\n<li><strong>8.8. &#8211; St\u0159edo\u010desk\u00fd region &#8211; Kultu\u0159e<\/strong>, okres Kol\u00edn (Spolupo\u0159adatel: Statek Kultu\u0159e, a.s.)<\/li>\n\n\n\n<li><strong><mark style=\"background-color:rgba(0, 0, 0, 0)\" class=\"has-inline-color has-vivid-green-cyan-color\">9.8. &#8211; St\u0159edo\u010desk\u00fd region &#8211; Lou\u010de\u0148<\/mark><\/strong>, okres Nymburk (Spolupo\u0159adatel: Agri Lou\u010de\u0148, a.s.)<\/li>\n\n\n\n<li><strong><mark style=\"background-color:rgba(0, 0, 0, 0)\" class=\"has-inline-color has-vivid-green-cyan-color\">10.8. &#8211; Severo-z\u00e1pado\u010desk\u00fd region &#8211; Dobrom\u011b\u0159ice<\/mark><\/strong>, okres Louny (Spolupo\u0159adatel: Rolnick\u00e9 dru\u017estvo Dobrom\u011b\u0159ice)<\/li>\n<\/ul>\n\n\n\n<p><strong><mark style=\"background-color:rgba(0, 0, 0, 0)\" class=\"has-inline-color has-vivid-green-cyan-color\">Zelen\u00e1 = Poln\u00ed den<\/mark> \u00a0| \u0160ed\u00e1 = Poln\u00ed prohl\u00eddka<\/strong><\/p>\n\n\n\n<p><strong>Informace k \u201ePoln\u00ed prohl\u00eddce\u201c pokus\u016f:<\/strong><\/p>\n\n\n\n<ul class=\"wp-block-list\">\n<li>Akce bude prob\u00edhat pouze na poli.<\/li>\n\n\n\n<li>V den kon\u00e1n\u00ed bude p\u0159\u00edtomn\u00fd agronom SPZO (10.00\u201313.00 hod.) s mo\u017enost\u00ed individu\u00e1ln\u00ed prohl\u00eddky v uvedenou dobu.<\/li>\n\n\n\n<li>V den kon\u00e1n\u00ed bude mo\u017en\u00e9 v\u017edy v 10.15 hod. absolvovat i komentovanou prohl\u00eddku pokus\u016f s hybridy slune\u010dnice (27 hybrid\u016f).<\/li>\n\n\n\n<li>V den kon\u00e1n\u00ed bude prob\u00edhat za \u00fa\u010dasti Ing. Karla \u0158\u00edhy (\u00fa\u010dast byla potvrzena, ale nen\u00ed se z\u00e1rukou) determinace chorob a \u0161k\u016fdc\u016f ve slune\u010dnici i p\u0159inesen\u00fdch vzorc\u00edch plodin dle individu\u00e1ln\u00edho z\u00e1jmu.<\/li>\n\n\n\n<li>V\u017edy od dan\u00e9ho dne kon\u00e1n\u00ed akce bude mo\u017en\u00e9 n\u00e1sledn\u00fdch cca 10 dn\u016f voln\u011b lokalitu nav\u0161t\u00edvit k individu\u00e1ln\u00edm prohl\u00eddk\u00e1m ji\u017e bez p\u0159\u00edtomnosti agronoma SPZO.<\/li>\n<\/ul>\n\n\n\n<p><strong>I<mark style=\"background-color:rgba(0, 0, 0, 0)\" class=\"has-inline-color has-vivid-green-cyan-color\">nformace k \u201ePoln\u00edm dn\u016fm\u201c<\/mark>:<\/strong><\/p>\n\n\n\n<ul class=\"wp-block-list\">\n<li>Akce bude prob\u00edhat v uveden\u00fd den (prezence od 9.30 hod.) od 10.00\u201312.00 hod. formou p\u0159edn\u00e1\u0161ek (Ing. P. Nov\u00e1k\/Agrokomodity, Ing. K. \u0158\u00edha\/soukrom\u00fd poradce a Ing. B. M\u00e1lek) a n\u00e1sledn\u011b ob\u011bd, od 12.30 hod. prohl\u00eddka POP s hybridy slune\u010dnice na poli.<\/li>\n\n\n\n<li>V den kon\u00e1n\u00ed bude prob\u00edhat za \u00fa\u010dasti Ing. Karla \u0158\u00edhy (\u00fa\u010dast byla potvrzena, ale nen\u00ed se z\u00e1rukou) determinace chorob a \u0161k\u016fdc\u016f ve slune\u010dnici i p\u0159inesen\u00fdch vzorc\u00edch plodin dle individu\u00e1ln\u00edho z\u00e1jmu.<\/li>\n\n\n\n<li>V\u017edy od dan\u00e9ho dne kon\u00e1n\u00ed akce bude mo\u017en\u00e9 n\u00e1sledn\u00fdch cca 10 dn\u016f voln\u011b lokalitu nav\u0161t\u00edvit k individu\u00e1ln\u00edm prohl\u00eddk\u00e1m ji\u017e bez p\u0159\u00edtomnosti agronoma SPZO.<\/li>\n\n\n\n<li>Podrobn\u011bj\u0161\u00ed informace poskytne za SPZO Ing. Bo\u017eet\u011bch M\u00e1lek, mobil: 777 757 989, e-mail: malek@spzo.cz<\/li>\n<\/ul>\n[\/et_pb_text][\/et_pb_column]\n\t\t\t[\/et_pb_row]\n\t\t[\/et_pb_section]","protected":false},"excerpt":{"rendered":"<p>3.8. &#8211; Jihomoravsk\u00fd region &#8211; Slup, okres Znojmo (Spolupo\u0159adatel: K\u00f3ta-sady, spol. s r.o., Slup-Oleksovi\u010dky) 8.8. &#8211; St\u0159edo\u010desk\u00fd region &#8211; Kultu\u0159e, okres Kol\u00edn (Spolupo\u0159adatel: Statek Kultu\u0159e, a.s.) 9.8. &#8211; St\u0159edo\u010desk\u00fd region &#8211; Lou\u010de\u0148, okres Nymburk (Spolupo\u0159adatel: Agri Lou\u010de\u0148, a.s.) 10.8. &#8211; Severo-z\u00e1pado\u010desk\u00fd region &#8211; Dobrom\u011b\u0159ice, okres Louny (Spolupo\u0159adatel: Rolnick\u00e9 dru\u017estvo Dobrom\u011b\u0159ice) Zelen\u00e1 = Poln\u00ed den \u00a0| [&hellip;]<\/p>\n","protected":false},"author":1,"featured_media":0,"comment_status":"closed","ping_status":"closed","sticky":false,"template":"","format":"standard","meta":{"_et_pb_use_builder":"on","_et_pb_old_content":"<!-- wp:list -->\n<ul><!-- wp:list-item -->\n<li><strong><mark style=\"background-color:rgba(0, 0, 0, 0)\" class=\"has-inline-color has-vivid-green-cyan-color\">3.8. - Jihomoravsk\u00fd region - Slup<\/mark><\/strong>, okres Znojmo (Spolupo\u0159adatel: K\u00f3ta-sady, spol. s r.o., Slup-Oleksovi\u010dky)<\/li>\n<!-- \/wp:list-item -->\n\n<!-- wp:list-item -->\n<li><strong>8.8. - St\u0159edo\u010desk\u00fd region - Kultu\u0159e<\/strong>, okres Kol\u00edn (Spolupo\u0159adatel: Statek Kultu\u0159e, a.s.)<\/li>\n<!-- \/wp:list-item -->\n\n<!-- wp:list-item -->\n<li><strong><mark style=\"background-color:rgba(0, 0, 0, 0)\" class=\"has-inline-color has-vivid-green-cyan-color\">9.8. - St\u0159edo\u010desk\u00fd region - Lou\u010de\u0148<\/mark><\/strong>, okres Nymburk (Spolupo\u0159adatel: Agri Lou\u010de\u0148, a.s.)<\/li>\n<!-- \/wp:list-item -->\n\n<!-- wp:list-item -->\n<li><strong><mark style=\"background-color:rgba(0, 0, 0, 0)\" class=\"has-inline-color has-vivid-green-cyan-color\">10.8. - Severo-z\u00e1pado\u010desk\u00fd region - Dobrom\u011b\u0159ice<\/mark><\/strong>, okres Louny (Spolupo\u0159adatel: Rolnick\u00e9 dru\u017estvo Dobrom\u011b\u0159ice)<\/li>\n<!-- \/wp:list-item --><\/ul>\n<!-- \/wp:list -->\n\n<!-- wp:paragraph -->\n<p><strong><mark style=\"background-color:rgba(0, 0, 0, 0)\" class=\"has-inline-color has-vivid-green-cyan-color\">Zelen\u00e1 = Poln\u00ed den<\/mark> \u00a0| \u0160ed\u00e1 = Poln\u00ed prohl\u00eddka<\/strong><\/p>\n<!-- \/wp:paragraph -->\n\n<!-- wp:paragraph -->\n<p><strong>Informace k \u201ePoln\u00ed prohl\u00eddce\u201c pokus\u016f:<\/strong><\/p>\n<!-- \/wp:paragraph -->\n\n<!-- wp:list -->\n<ul><!-- wp:list-item -->\n<li>Akce bude prob\u00edhat pouze na poli.<\/li>\n<!-- \/wp:list-item -->\n\n<!-- wp:list-item -->\n<li>V den kon\u00e1n\u00ed bude p\u0159\u00edtomn\u00fd agronom SPZO (10.00\u201313.00 hod.) s mo\u017enost\u00ed individu\u00e1ln\u00ed prohl\u00eddky v uvedenou dobu.<\/li>\n<!-- \/wp:list-item -->\n\n<!-- wp:list-item -->\n<li>V den kon\u00e1n\u00ed bude mo\u017en\u00e9 v\u017edy v 10.15 hod. absolvovat i komentovanou prohl\u00eddku pokus\u016f s hybridy slune\u010dnice (27 hybrid\u016f).<\/li>\n<!-- \/wp:list-item -->\n\n<!-- wp:list-item -->\n<li>V den kon\u00e1n\u00ed bude prob\u00edhat za \u00fa\u010dasti Ing. Karla \u0158\u00edhy (\u00fa\u010dast byla potvrzena, ale nen\u00ed se z\u00e1rukou) determinace chorob a \u0161k\u016fdc\u016f ve slune\u010dnici i p\u0159inesen\u00fdch vzorc\u00edch plodin dle individu\u00e1ln\u00edho z\u00e1jmu.<\/li>\n<!-- \/wp:list-item -->\n\n<!-- wp:list-item -->\n<li>V\u017edy od dan\u00e9ho dne kon\u00e1n\u00ed akce bude mo\u017en\u00e9 n\u00e1sledn\u00fdch cca 10 dn\u016f voln\u011b lokalitu nav\u0161t\u00edvit k individu\u00e1ln\u00edm prohl\u00eddk\u00e1m ji\u017e bez p\u0159\u00edtomnosti agronoma SPZO.<\/li>\n<!-- \/wp:list-item --><\/ul>\n<!-- \/wp:list -->\n\n<!-- wp:paragraph -->\n<p><strong>I<mark style=\"background-color:rgba(0, 0, 0, 0)\" class=\"has-inline-color has-vivid-green-cyan-color\">nformace k \u201ePoln\u00edm dn\u016fm\u201c<\/mark>:<\/strong><\/p>\n<!-- \/wp:paragraph -->\n\n<!-- wp:list -->\n<ul><!-- wp:list-item -->\n<li>Akce bude prob\u00edhat v uveden\u00fd den (prezence od 9.30 hod.) od 10.00\u201312.00 hod. formou p\u0159edn\u00e1\u0161ek (Ing. P. Nov\u00e1k\/Agrokomodity, Ing. K. \u0158\u00edha\/soukrom\u00fd poradce a Ing. B. M\u00e1lek) a n\u00e1sledn\u011b ob\u011bd, od 12.30 hod. prohl\u00eddka POP s hybridy slune\u010dnice na poli.<\/li>\n<!-- \/wp:list-item -->\n\n<!-- wp:list-item -->\n<li>V den kon\u00e1n\u00ed bude prob\u00edhat za \u00fa\u010dasti Ing. Karla \u0158\u00edhy (\u00fa\u010dast byla potvrzena, ale nen\u00ed se z\u00e1rukou) determinace chorob a \u0161k\u016fdc\u016f ve slune\u010dnici i p\u0159inesen\u00fdch vzorc\u00edch plodin dle individu\u00e1ln\u00edho z\u00e1jmu.<\/li>\n<!-- \/wp:list-item -->\n\n<!-- wp:list-item -->\n<li>V\u017edy od dan\u00e9ho dne kon\u00e1n\u00ed akce bude mo\u017en\u00e9 n\u00e1sledn\u00fdch cca 10 dn\u016f voln\u011b lokalitu nav\u0161t\u00edvit k individu\u00e1ln\u00edm prohl\u00eddk\u00e1m ji\u017e bez p\u0159\u00edtomnosti agronoma SPZO.<\/li>\n<!-- \/wp:list-item -->\n\n<!-- wp:list-item -->\n<li>Podrobn\u011bj\u0161\u00ed informace poskytne za SPZO Ing. Bo\u017eet\u011bch M\u00e1lek, mobil: 777 757 989, e-mail: malek@spzo.cz<\/li>\n<!-- \/wp:list-item --><\/ul>\n<!-- \/wp:list -->","_et_gb_content_width":"","footnotes":""},"categories":[69,70,72],"tags":[],"class_list":["post-3138","post","type-post","status-publish","format-standard","hentry","category-aktualita","category-pozvanka","category-top"],"_links":{"self":[{"href":"https:\/\/www.spzo.cz\/index.php?rest_route=\/wp\/v2\/posts\/3138","targetHints":{"allow":["GET"]}}],"collection":[{"href":"https:\/\/www.spzo.cz\/index.php?rest_route=\/wp\/v2\/posts"}],"about":[{"href":"https:\/\/www.spzo.cz\/index.php?rest_route=\/wp\/v2\/types\/post"}],"author":[{"embeddable":true,"href":"https:\/\/www.spzo.cz\/index.php?rest_route=\/wp\/v2\/users\/1"}],"replies":[{"embeddable":true,"href":"https:\/\/www.spzo.cz\/index.php?rest_route=%2Fwp%2Fv2%2Fcomments&post=3138"}],"version-history":[{"count":3,"href":"https:\/\/www.spzo.cz\/index.php?rest_route=\/wp\/v2\/posts\/3138\/revisions"}],"predecessor-version":[{"id":4266,"href":"https:\/\/www.spzo.cz\/index.php?rest_route=\/wp\/v2\/posts\/3138\/revisions\/4266"}],"wp:attachment":[{"href":"https:\/\/www.spzo.cz\/index.php?rest_route=%2Fwp%2Fv2%2Fmedia&parent=3138"}],"wp:term":[{"taxonomy":"category","embeddable":true,"href":"https:\/\/www.spzo.cz\/index.php?rest_route=%2Fwp%2Fv2%2Fcategories&post=3138"},{"taxonomy":"post_tag","embeddable":true,"href":"https:\/\/www.spzo.cz\/index.php?rest_route=%2Fwp%2Fv2%2Ftags&post=3138"}],"curies":[{"name":"wp","href":"https:\/\/api.w.org\/{rel}","templated":true}]}}