{"id":4881,"date":"2026-09-04T16:05:48","date_gmt":"2026-09-04T14:05:48","guid":{"rendered":"https:\/\/www.spzo.cz\/?p=4881"},"modified":"2026-09-04T16:05:49","modified_gmt":"2026-09-04T14:05:49","slug":"sklizen-2026-v-nemecku-psenice-boduje-s-vysokym-obsahem-bilkovin","status":"publish","type":"post","link":"https:\/\/www.spzo.cz\/?p=4881","title":{"rendered":"Sklize\u0148 2026 v N\u011bmecku: p\u0161enice boduje s vysok\u00fdm obsahem b\u00edlkovin"},"content":{"rendered":"\n<p class=\"wp-block-paragraph\">Sklize\u0148 \u0159epky je s 3,5 miliony tun podpr\u016fm\u011brn\u00e1. Teplo vede k p\u0159eru\u0161en\u00ed f\u00e1ze pln\u011bn\u00ed zrna.<\/p>\n\n\n\n<p class=\"wp-block-paragraph\">S p\u0159ibli\u017en\u011b 37,4 miliony tun obil\u00ed je objem sklizn\u011b v N\u011bmecku letos o 7,3 procenta ni\u017e\u0161\u00ed ne\u017e siln\u00e1 sklize\u0148 v p\u0159edchoz\u00edm roce. Ozn\u00e1mil to dnes (2. z\u00e1\u0159\u00ed 2026) spolkov\u00fd ministr zem\u011bd\u011blstv\u00ed Alois Rainer (CSU) na prezentaci Zvl\u00e1\u0161tn\u00edho hodnocen\u00ed sklizn\u011b a kvality (BEE) v Berl\u00edn\u011b. Ve srovn\u00e1n\u00ed s \u0161estilet\u00fdm pr\u016fm\u011brem z let 2020 a\u017e 2025 se jedn\u00e1 o m\u00edrn\u00fd pokles o 2,1 procenta.<\/p>\n\n\n\n<p class=\"wp-block-paragraph\">Podle aktu\u00e1ln\u00edch \u00fadaj\u016f dosahuje v\u00fdnos na hektar u v\u0161ech druh\u016f obilovin 6,9 tuny\/ha, co\u017e odpov\u00edd\u00e1 \u0161estilet\u00e9mu pr\u016fm\u011bru s n\u00e1r\u016fstem o 0,4 procenta. Rozhoduj\u00edc\u00edm faktorem slab\u00e9ho v\u00fdsledku v roce 2026 byla vlna veder na konci \u010dervna. Teploty p\u0159esahuj\u00edc\u00ed 40 stup\u0148\u016f Celsia zp\u016fsobily tepeln\u00fd stres u v\u0161ech druh\u016f obilovin a urychlily zr\u00e1n\u00ed. To vedlo k obzvl\u00e1\u0161t\u011b z\u00e1va\u017en\u00e9mu naru\u0161en\u00ed f\u00e1ze pln\u011bn\u00ed zrna u p\u0161enice.<\/p>\n\n\n\n<p class=\"wp-block-paragraph\">P\u0159edpokl\u00e1d\u00e1 se, \u017ee n\u011bmeck\u00e1 produkce p\u0161enice v roce 2026 klesne o 10,4 procenta na 20,2 milionu tun ve srovn\u00e1n\u00ed s p\u0159edchoz\u00edm rokem. Pr\u016fm\u011brn\u00fd v\u00fdnos na hektar je 7,2 tuny, co\u017e je o 8 procent m\u00e9n\u011b ne\u017e v p\u0159edchoz\u00edm roce a o 4,1 procenta m\u00e9n\u011b ne\u017e pr\u016fm\u011br za roky 2020 a\u017e 2025. Plocha p\u011bstovan\u00e1 pro p\u0161enici se ve srovn\u00e1n\u00ed s rokem 2025 sn\u00ed\u017eila o 2,6 procenta na 2,8 milionu hektar\u016f. Podle Institutu Maxe Rubnera bude m\u00edt p\u0161enice v roce 2026 podobn\u00fd obsah b\u00edlkovin jako v p\u0159edchoz\u00edm roce, a to 12,2 procenta.<\/p>\n\n\n\n<p class=\"wp-block-paragraph\"><strong>Meklenbursko-P\u0159edn\u00ed Pomo\u0159ansko hl\u00e1s\u00ed v\u00fdrazn\u00fd pokles produkce \u0159epky.<\/strong><\/p>\n\n\n\n<p class=\"wp-block-paragraph\">Produkce \u0159epky zaznamenala v\u00fdrazn\u00fd pokles. Spolkov\u00e9 ministerstvo zem\u011bd\u011blstv\u00ed a potravin\u00e1\u0159stv\u00ed (BMELH) hl\u00e1s\u00ed podpr\u016fm\u011brnou sklize\u0148 3,5 milionu tun. To p\u0159edstavuje pokles o 11,5 procenta ve srovn\u00e1n\u00ed s rokem 2025 a o 8,7 procenta m\u00e9n\u011b ne\u017e \u0161estilet\u00fd pr\u016fm\u011br.<\/p>\n\n\n\n<p class=\"wp-block-paragraph\">Podle N\u011bmeck\u00e9ho svazu zem\u011bd\u011blsk\u00fdch v\u00fdrobc\u016f (BEE) vykazuj\u00ed dosud dostupn\u00e9 vzorky pr\u016fm\u011brn\u00fd obsah oleje 43,5 procenta. Pr\u016fm\u011brn\u00fd v\u00fdnos \u0159epky v zemi je 3,1 t\/ha. V Meklenbursku-P\u0159edn\u00edm Pomo\u0159ansku, nejv\u011bt\u0161\u00edm regionu p\u011bstov\u00e1n\u00ed \u0159epky, se o\u010dek\u00e1v\u00e1, \u017ee v\u00fdnosy budou o 25 procent ni\u017e\u0161\u00ed ne\u017e v\u00edcelet\u00fd pr\u016fm\u011br, a to p\u0159edev\u0161\u00edm v d\u016fsledku po\u0161kozen\u00ed hmyzem. S necel\u00fdmi 3 t\/ha je v\u00fdnos v Meklenbursku-P\u0159edn\u00edm Pomo\u0159ansku v\u00fdrazn\u011b pod celost\u00e1tn\u00edm pr\u016fm\u011brem. Ve srovn\u00e1n\u00ed s \u0161estilet\u00fdm pr\u016fm\u011brem je v\u00fdnos na severov\u00fdchod\u011b o 25 procent ni\u017e\u0161\u00ed.<\/p>\n\n\n\n<p class=\"wp-block-paragraph\"><strong>Vysok\u00e9 ztr\u00e1ty u cukrov\u00e9 \u0159epy a dal\u0161\u00edch plodin<\/strong><\/p>\n\n\n\n<p class=\"wp-block-paragraph\">P\u0159edb\u011b\u017en\u00e9 odhady nazna\u010duj\u00ed vysok\u00e9 ztr\u00e1ty v\u00fdnos\u016f u cukrov\u00e9 \u0159epy, kuku\u0159ice na zrno, brambor, chmele a p\u00edcnin v\u010detn\u011b travn\u00edch porost\u016f a sil\u00e1\u017en\u00ed kuku\u0159ice v mnoha regionech. Podle spolkov\u00e9ho ministra Rainera byla kuku\u0159ice na jihu a jihoz\u00e1pad\u011b obzvl\u00e1\u0161t\u011b t\u011b\u017ece zasa\u017eena. Na mnoha m\u00edstech sotva vyrostla a v n\u011bkter\u00fdch oblastech rostliny ani nevyvinuly klasy.<\/p>\n\n\n\n<p class=\"wp-block-paragraph\"><strong>Seno je drah\u00e1 komodita.<\/strong><\/p>\n\n\n\n<p class=\"wp-block-paragraph\">Situace ohledn\u011b p\u00edcnin je extr\u00e9mn\u011b napjat\u00e1 na jihu a jihoz\u00e1pad\u011b, kter\u00e9 byly suchem obzvl\u00e1\u0161t\u011b t\u011b\u017ece zasa\u017eeny. Na mnoha louk\u00e1ch po prvn\u00edm se\u010den\u00ed t\u00e9m\u011b\u0159 \u017e\u00e1dn\u00e1 tr\u00e1va nevyrostla. Mnoho farem proto muselo s\u00e1hnout do sv\u00fdch z\u00e1sob krmiva ji\u017e v l\u00e9t\u011b. To se odr\u00e1\u017e\u00ed i v cen\u00e1ch: seno v srpnu v cel\u00e9 zemi zdra\u017eilo o 17 procent, uv\u00e1d\u00ed Rainer.<\/p>\n\n\n\n<p class=\"has-text-align-right wp-block-paragraph\"><em>Zdroj: agrarticker.de<\/em><\/p>\n","protected":false},"excerpt":{"rendered":"<p>Sklize\u0148 \u0159epky je s 3,5 miliony tun podpr\u016fm\u011brn\u00e1. Teplo vede k p\u0159eru\u0161en\u00ed f\u00e1ze pln\u011bn\u00ed zrna. S p\u0159ibli\u017en\u011b 37,4 miliony tun obil\u00ed je objem sklizn\u011b v N\u011bmecku letos o 7,3 procenta ni\u017e\u0161\u00ed ne\u017e siln\u00e1 sklize\u0148 v p\u0159edchoz\u00edm roce. Ozn\u00e1mil to dnes (2. z\u00e1\u0159\u00ed 2026) spolkov\u00fd ministr zem\u011bd\u011blstv\u00ed Alois Rainer (CSU) na prezentaci Zvl\u00e1\u0161tn\u00edho hodnocen\u00ed sklizn\u011b a [&hellip;]<\/p>\n","protected":false},"author":1,"featured_media":0,"comment_status":"closed","ping_status":"closed","sticky":false,"template":"","format":"standard","meta":{"_et_pb_use_builder":"off","_et_pb_old_content":"","_et_gb_content_width":"1080","footnotes":""},"categories":[69,72],"tags":[],"class_list":["post-4881","post","type-post","status-publish","format-standard","hentry","category-aktualita","category-top"],"_links":{"self":[{"href":"https:\/\/www.spzo.cz\/index.php?rest_route=\/wp\/v2\/posts\/4881","targetHints":{"allow":["GET"]}}],"collection":[{"href":"https:\/\/www.spzo.cz\/index.php?rest_route=\/wp\/v2\/posts"}],"about":[{"href":"https:\/\/www.spzo.cz\/index.php?rest_route=\/wp\/v2\/types\/post"}],"author":[{"embeddable":true,"href":"https:\/\/www.spzo.cz\/index.php?rest_route=\/wp\/v2\/users\/1"}],"replies":[{"embeddable":true,"href":"https:\/\/www.spzo.cz\/index.php?rest_route=%2Fwp%2Fv2%2Fcomments&post=4881"}],"version-history":[{"count":1,"href":"https:\/\/www.spzo.cz\/index.php?rest_route=\/wp\/v2\/posts\/4881\/revisions"}],"predecessor-version":[{"id":4882,"href":"https:\/\/www.spzo.cz\/index.php?rest_route=\/wp\/v2\/posts\/4881\/revisions\/4882"}],"wp:attachment":[{"href":"https:\/\/www.spzo.cz\/index.php?rest_route=%2Fwp%2Fv2%2Fmedia&parent=4881"}],"wp:term":[{"taxonomy":"category","embeddable":true,"href":"https:\/\/www.spzo.cz\/index.php?rest_route=%2Fwp%2Fv2%2Fcategories&post=4881"},{"taxonomy":"post_tag","embeddable":true,"href":"https:\/\/www.spzo.cz\/index.php?rest_route=%2Fwp%2Fv2%2Ftags&post=4881"}],"curies":[{"name":"wp","href":"https:\/\/api.w.org\/{rel}","templated":true}]}}